{"id":19357,"date":"2023-02-02T11:25:47","date_gmt":"2023-02-02T10:25:47","guid":{"rendered":"https:\/\/www.ramus.je\/nejlepsi\/?p=19357"},"modified":"2023-02-02T11:25:47","modified_gmt":"2023-02-02T10:25:47","slug":"humans-of-ramus-%e3%83%bb%e2%9d%a5%e3%83%bbhonzik","status":"publish","type":"post","link":"https:\/\/www.ramus.je\/nejlepsi\/humans-of-ramus-%e3%83%bb%e2%9d%a5%e3%83%bbhonzik\/","title":{"rendered":"HUMANS OF RAMUS \u30fb\u2765\u30fbHonz\u00edk"},"content":{"rendered":"\n<p>\u201eDo Ramusu jsem se dostal p\u0159es svoji s\u00e9gru Jitku. Bylo mi 10 a rodi\u010de n\u00e1s poslali na letn\u00ed t\u00e1bor v Novohradk\u00e1ch, kde u\u017e Jitka jednou byla a d\u011bsn\u011b se j\u00ed tam l\u00edbilo. Tenkr\u00e1t to z\u0159izoval Jedli\u010dk\u016fv \u00fastav tu\u0161im, ale nejsem si jistej. Byly tam t\u00fdp\u00fd, kr\u00e1sn\u00e1 p\u0159\u00edroda a po p\u00e1r dnech na\u0161e vedouc\u00ed zav\u0159eli do d\u0159ev\u011bn\u00fd klece na 5 dn\u00ed n\u011bjak\u00fd padou\u0161i. V t\u00fd kleci t\u011bch 5 lid\u00ed tr\u00e1vilo celej den a dost\u00e1vali jenom suchej chleba a vodu, no a n\u00e1m jich bylo l\u00edto, tak jsme jim <a><\/a>pa\u0161ovali j\u00eddlo p\u0159es str\u00e1\u017ee u tohohle v\u011bzen\u00ed. Su\u0161enky ve svetru, rej\u017ei ve vlo\u017ek\u00e1ch a tak. Hlavn\u011b u\u017e tenkr\u00e1t tam jezdili skv\u011bl\u00fd lidi, tak jsem za\u010dal jezdit ka\u017edej rok. Pak se n\u011bjak m\u011bnily organizace, pod kterejma t\u00e1bor byl, zm\u011bnila se louka a m\u011b bylo najednou dvacet a nikdo u\u017e necht\u011bl t\u00e1bory v\u00e9st, proto\u017ee u\u017e v\u0161ichni m\u011bli vystudovan\u00fd \u0161koly a museli vyd\u011bl\u00e1vat pen\u00edze, nebo se jim u\u017e necht\u011blo. J\u00e1 jsem je\u0161t\u011b studoval, vyd\u011bl\u00e1vat jsem moc nemusel a docela se mi cht\u011blo, tak jsem se stal vedouc\u00edm t\u00e1bora. Byla to fu\u0161ka, ale t\u00e1bor byl hezkej. Jen\u017ee j\u00e1 m\u011bl pocit, \u017ee bych tomu mohl d\u00e1t v\u00edc, nebo \u017ee by si to zaslou\u017eilo d\u00e1t tomu v\u00edc, a \u017ee j\u00e1 to po 11 letech t\u00e1bor\u016f nezvl\u00e1dnu. Tak\u017ee jsem to veden\u00ed t\u00e1bor\u016f p\u0159edal d\u00e1l. Jenom\u017ee se uk\u00e1zalo, \u017ee v\u016fbec ned\u00e1v\u00e1 smysl to d\u011blat pod organizac\u00ed, kter\u00e1 s\u00eddl\u00ed v Jind\u0159ichov\u011b hradci a nikdo tam po t\u011bch letech u\u017e vlastn\u011b nikoho nezn\u00e1 a vozit tam \u00fa\u010detnictv\u00ed je vopruz. No a tak Matou\u0161 Glanc, kterej po m\u011b p\u0159evzal veden\u00ed, p\u0159i\u0161el s n\u00e1padem, \u017ee bychom si teda mohli zalo\u017eit vlastn\u00ed neziskovku, pod kterou bychom t\u00e1bory d\u011blali, m\u011b to p\u0159i\u0161lo jako b\u00e1je\u010dnej n\u00e1pad a spolu s Markem R\u016f\u017ei\u010dkou jsme zalo\u017eili Ramus. To proto, \u017ee ta organizace, pod kterou se t\u00e1bory d\u011blali p\u0159edt\u00edm, se jmenovala Proutek a Ramus je latinsky v\u011btev a my jsme cht\u011bli \u0159\u00edct, \u017ee jsme fakt tvrd\u00fd. Aspo\u0148 tvrd\u0161\u00ed ne\u017e proutek.\u201c<\/p>\n\n\n\n<figure class=\"wp-block-image size-large\"><img loading=\"lazy\" decoding=\"async\" width=\"1024\" height=\"692\" src=\"https:\/\/www.ramus.je\/nejlepsi\/wp-content\/uploads\/2023\/02\/R1-03785-007A-1024x692.jpg\" alt=\"\" class=\"wp-image-19358\" srcset=\"https:\/\/www.ramus.je\/nejlepsi\/wp-content\/uploads\/2023\/02\/R1-03785-007A-1024x692.jpg 1024w, https:\/\/www.ramus.je\/nejlepsi\/wp-content\/uploads\/2023\/02\/R1-03785-007A-300x203.jpg 300w, https:\/\/www.ramus.je\/nejlepsi\/wp-content\/uploads\/2023\/02\/R1-03785-007A-768x519.jpg 768w, https:\/\/www.ramus.je\/nejlepsi\/wp-content\/uploads\/2023\/02\/R1-03785-007A-1536x1038.jpg 1536w, https:\/\/www.ramus.je\/nejlepsi\/wp-content\/uploads\/2023\/02\/R1-03785-007A.jpg 1818w\" sizes=\"auto, (min-width: 960px) 75vw, 100vw\" \/><\/figure>\n","protected":false},"excerpt":{"rendered":"<p>\u201eDo Ramusu jsem se dostal p\u0159es svoji s\u00e9gru Jitku. Bylo mi 10 a rodi\u010de n\u00e1s poslali na letn\u00ed t\u00e1bor v Novohradk\u00e1ch, kde u\u017e Jitka jednou byla a d\u011bsn\u011b se j\u00ed tam l\u00edbilo. Tenkr\u00e1t to z\u0159izoval Jedli\u010dk\u016fv \u00fastav tu\u0161im, ale nejsem si jistej. Byly tam t\u00fdp\u00fd, kr\u00e1sn\u00e1 p\u0159\u00edroda a po p\u00e1r dnech na\u0161e vedouc\u00ed zav\u0159eli do &hellip; <a href=\"https:\/\/www.ramus.je\/nejlepsi\/humans-of-ramus-%e3%83%bb%e2%9d%a5%e3%83%bbhonzik\/\" class=\"more-link\">Continue reading<span class=\"screen-reader-text\"> &#8222;HUMANS OF RAMUS \u30fb\u2765\u30fbHonz\u00edk&#8220;<\/span><\/a><\/p>\n","protected":false},"author":3,"featured_media":0,"comment_status":"closed","ping_status":"","sticky":false,"template":"","format":"standard","meta":{"ngg_post_thumbnail":0,"footnotes":""},"categories":[213],"tags":[],"class_list":["post-19357","post","type-post","status-publish","format-standard","hentry","category-novinky"],"_links":{"self":[{"href":"https:\/\/www.ramus.je\/nejlepsi\/wp-json\/wp\/v2\/posts\/19357","targetHints":{"allow":["GET"]}}],"collection":[{"href":"https:\/\/www.ramus.je\/nejlepsi\/wp-json\/wp\/v2\/posts"}],"about":[{"href":"https:\/\/www.ramus.je\/nejlepsi\/wp-json\/wp\/v2\/types\/post"}],"author":[{"embeddable":true,"href":"https:\/\/www.ramus.je\/nejlepsi\/wp-json\/wp\/v2\/users\/3"}],"replies":[{"embeddable":true,"href":"https:\/\/www.ramus.je\/nejlepsi\/wp-json\/wp\/v2\/comments?post=19357"}],"version-history":[{"count":1,"href":"https:\/\/www.ramus.je\/nejlepsi\/wp-json\/wp\/v2\/posts\/19357\/revisions"}],"predecessor-version":[{"id":19359,"href":"https:\/\/www.ramus.je\/nejlepsi\/wp-json\/wp\/v2\/posts\/19357\/revisions\/19359"}],"wp:attachment":[{"href":"https:\/\/www.ramus.je\/nejlepsi\/wp-json\/wp\/v2\/media?parent=19357"}],"wp:term":[{"taxonomy":"category","embeddable":true,"href":"https:\/\/www.ramus.je\/nejlepsi\/wp-json\/wp\/v2\/categories?post=19357"},{"taxonomy":"post_tag","embeddable":true,"href":"https:\/\/www.ramus.je\/nejlepsi\/wp-json\/wp\/v2\/tags?post=19357"}],"curies":[{"name":"wp","href":"https:\/\/api.w.org\/{rel}","templated":true}]}}