{"id":18998,"date":"2022-11-09T11:02:52","date_gmt":"2022-11-09T10:02:52","guid":{"rendered":"https:\/\/www.ramus.je\/nejlepsi\/?p=18998"},"modified":"2022-11-09T11:19:56","modified_gmt":"2022-11-09T10:19:56","slug":"ticha-aukce-fotek-bude","status":"publish","type":"post","link":"https:\/\/www.ramus.je\/nejlepsi\/ticha-aukce-fotek-bude\/","title":{"rendered":"Tich\u00e1 aukce fotek bude!"},"content":{"rendered":"\n<figure class=\"wp-block-image size-large\"><img loading=\"lazy\" decoding=\"async\" width=\"1024\" height=\"536\" src=\"https:\/\/www.ramus.je\/nejlepsi\/wp-content\/uploads\/2022\/11\/zahlaviiii-1024x536.jpg\" alt=\"\" class=\"wp-image-18999\" srcset=\"https:\/\/www.ramus.je\/nejlepsi\/wp-content\/uploads\/2022\/11\/zahlaviiii-1024x536.jpg 1024w, https:\/\/www.ramus.je\/nejlepsi\/wp-content\/uploads\/2022\/11\/zahlaviiii-300x157.jpg 300w, https:\/\/www.ramus.je\/nejlepsi\/wp-content\/uploads\/2022\/11\/zahlaviiii-768x402.jpg 768w, https:\/\/www.ramus.je\/nejlepsi\/wp-content\/uploads\/2022\/11\/zahlaviiii-1536x804.jpg 1536w, https:\/\/www.ramus.je\/nejlepsi\/wp-content\/uploads\/2022\/11\/zahlaviiii.jpg 1920w\" sizes=\"auto, (min-width: 960px) 75vw, 100vw\" \/><\/figure>\n\n\n\n<p>Zveme v\u00e1s na 6. ro\u010dn\u00edk benefi\u010dn\u00ed Tich\u00e9 aukce fotek pro Ramus, kter\u00e1 se letos bude konat op\u011bt na\u017eivo i online a mo\u017en\u00e1 v t\u00e9to podob\u011b u\u017e naposledy! Kolem dvaceti skv\u011bl\u00fdch profesion\u00e1ln\u00edch a amat\u00e9rsk\u00fdch fotograf\u016f n\u00e1m darovalo des\u00edtky kr\u00e1sn\u00fdch fotek. Odneste si dom\u016f sv\u00e9ho favorita ve velk\u00e9m form\u00e1tu a dal\u0161\u00ed kousek t\u0159eba jako d\u00e1rek k V\u00e1noc\u016fm, a m\u00e1te o starost m\u00ed\u0148.<\/p>\n\n\n\n<p><strong>OFFLINE<\/strong> aukce prob\u011bhne <strong>ve \u010dtvrtek 1.12. od 19:00<\/strong> ji\u017e tradi\u010dn\u011b ve sp\u0159\u00e1telen\u00e9m Prostoru 39 (\u0158eho\u0159ova 33\/39, \u017di\u017ekov). Samoz\u0159ejm\u011b budou chleb\u00ed\u010dky, hudba, um\u011bn\u00ed a nap\u00ednav\u00e1 atmosf\u00e9ra graduj\u00edc\u00ed aukce!<\/p>\n\n\n\n<p><strong>ONLINE<\/strong> aukce bude n\u00e1sledovat<strong> od ned\u011ble 4.12. 19:00 do st\u0159edy 7.12. 19:00<\/strong> a budete se moct takticky utkat o dal\u0161\u00ed v\u00e1rku fotek na&nbsp;<a rel=\"noreferrer noopener\" href=\"http:\/\/www.ramus.je\/tichaaukce?fbclid=IwAR1vXhjaDPyCheBj39PRf9ysQLB9_y5-9pxH82GYA7BpK6vej_sEyStT-08\" target=\"_blank\">www.ramus.je\/tichaaukce<\/a>. Tam zat\u00edm najdete pravidla online aukce a fotky z lo\u0148sk\u00e9ho ro\u010dn\u00edku.<\/p>\n\n\n\n<p>Pozv\u011bte sv\u00e9 p\u0159\u00e1tele, rodinu i kolegy, i kdy\u017e Ramus t\u0159eba neznaj\u00ed, a\u0165 nasaj\u00ed ramus\u00ed atmosf\u00e9ru, u\u017eij\u00ed si kulturn\u00ed ve\u010der a odnesou si dom\u016f um\u011bn\u00ed s dobr\u00fdm pocitem. A \u010d\u00edm v\u00edc n\u00e1s bude, t\u00edm v\u00edc love pro Ramus.<br>T\u011b\u0161\u00edme se na v\u00e1s!<\/p>\n\n\n\n<p>fb ud\u00e1lost <a href=\"https:\/\/fb.me\/e\/3TE2p6vnq\">zde<\/a>.<\/p>\n","protected":false},"excerpt":{"rendered":"<p>Zveme v\u00e1s na 6. ro\u010dn\u00edk benefi\u010dn\u00ed Tich\u00e9 aukce fotek pro Ramus, kter\u00e1 se letos bude konat op\u011bt na\u017eivo i online a mo\u017en\u00e1 v t\u00e9to podob\u011b u\u017e naposledy! Kolem dvaceti skv\u011bl\u00fdch profesion\u00e1ln\u00edch a amat\u00e9rsk\u00fdch fotograf\u016f n\u00e1m darovalo des\u00edtky kr\u00e1sn\u00fdch fotek. Odneste si dom\u016f sv\u00e9ho favorita ve velk\u00e9m form\u00e1tu a dal\u0161\u00ed kousek t\u0159eba jako d\u00e1rek k V\u00e1noc\u016fm, &hellip; <a href=\"https:\/\/www.ramus.je\/nejlepsi\/ticha-aukce-fotek-bude\/\" class=\"more-link\">Continue reading<span class=\"screen-reader-text\"> &#8222;Tich\u00e1 aukce fotek bude!&#8220;<\/span><\/a><\/p>\n","protected":false},"author":3,"featured_media":0,"comment_status":"closed","ping_status":"","sticky":false,"template":"","format":"standard","meta":{"ngg_post_thumbnail":0,"footnotes":""},"categories":[213],"tags":[],"class_list":["post-18998","post","type-post","status-publish","format-standard","hentry","category-novinky"],"_links":{"self":[{"href":"https:\/\/www.ramus.je\/nejlepsi\/wp-json\/wp\/v2\/posts\/18998","targetHints":{"allow":["GET"]}}],"collection":[{"href":"https:\/\/www.ramus.je\/nejlepsi\/wp-json\/wp\/v2\/posts"}],"about":[{"href":"https:\/\/www.ramus.je\/nejlepsi\/wp-json\/wp\/v2\/types\/post"}],"author":[{"embeddable":true,"href":"https:\/\/www.ramus.je\/nejlepsi\/wp-json\/wp\/v2\/users\/3"}],"replies":[{"embeddable":true,"href":"https:\/\/www.ramus.je\/nejlepsi\/wp-json\/wp\/v2\/comments?post=18998"}],"version-history":[{"count":3,"href":"https:\/\/www.ramus.je\/nejlepsi\/wp-json\/wp\/v2\/posts\/18998\/revisions"}],"predecessor-version":[{"id":19002,"href":"https:\/\/www.ramus.je\/nejlepsi\/wp-json\/wp\/v2\/posts\/18998\/revisions\/19002"}],"wp:attachment":[{"href":"https:\/\/www.ramus.je\/nejlepsi\/wp-json\/wp\/v2\/media?parent=18998"}],"wp:term":[{"taxonomy":"category","embeddable":true,"href":"https:\/\/www.ramus.je\/nejlepsi\/wp-json\/wp\/v2\/categories?post=18998"},{"taxonomy":"post_tag","embeddable":true,"href":"https:\/\/www.ramus.je\/nejlepsi\/wp-json\/wp\/v2\/tags?post=18998"}],"curies":[{"name":"wp","href":"https:\/\/api.w.org\/{rel}","templated":true}]}}